{"id":1062,"date":"2023-11-03T15:17:56","date_gmt":"2023-11-03T12:17:56","guid":{"rendered":"https:\/\/trf.gov.tr\/?p=1062"},"modified":"2023-11-03T15:17:56","modified_gmt":"2023-11-03T12:17:56","slug":"turkiye-ragbi-federasyonu-world-rugby-16-genel-toplantisina-katilim-sagladi","status":"publish","type":"post","link":"https:\/\/trf.gov.tr\/?p=1062","title":{"rendered":"T\u00fcrkiye Ragbi Federasyonu World Rugby 16. Genel Toplant\u0131s\u0131na Kat\u0131l\u0131m Sa\u011flad\u0131"},"content":{"rendered":"\n<p>World Rugby 16. Genel Toplant\u0131s\u0131 26 Ekim 2023 tarihinde Fransa&#8217;n\u0131n Paris \u015fehrinde ger\u00e7ekle\u015ftirildi.<\/p>\n\n\n\n<p>D\u00fcnyan\u0131n d\u00f6rt bir yan\u0131ndan gelen federasyon y\u00f6neticileriyle Say\u0131n Ba\u015fkan\u0131m\u0131z Nahit \u015eAH\u0130N ragbinin geli\u015fmekte olan \u00fclkelerde yap\u0131labilecek geli\u015fim projeleri, ortak kamp, turnuva ve e\u011fitim gibi \u00e7e\u015fitli konularda isti\u015farede bulundu. Ragbi D\u00fcnya Kupas\u0131 ile \u00e7ak\u0131\u015fmas\u0131 a\u00e7\u0131s\u0131ndan \u00f6nemli olan bu kongrede ragbide oyuncu sa\u011fl\u0131\u011f\u0131, kad\u0131n ragbisinin geli\u015fimi, ragbinin yay\u0131lmas\u0131, yeni ragbi t\u00fcr\u00fc olan Non-Contact Ragbinin tan\u0131t\u0131m\u0131 gibi konularda \u00e7e\u015fitli sunumlar yap\u0131ld\u0131.<\/p>\n\n\n\n<figure class=\"wp-block-gallery has-nested-images columns-default is-cropped wp-block-gallery-1 is-layout-flex wp-block-gallery-is-layout-flex\">\n<figure class=\"wp-block-image size-large\"><img fetchpriority=\"high\" decoding=\"async\" width=\"1024\" height=\"683\" data-id=\"1064\" src=\"https:\/\/trf.gov.tr\/wp-content\/uploads\/2023\/11\/WR-16th-General-Assembly-7-1024x683.jpg\" alt=\"\" class=\"wp-image-1064\" srcset=\"https:\/\/trf.gov.tr\/wp-content\/uploads\/2023\/11\/WR-16th-General-Assembly-7-1024x683.jpg 1024w, https:\/\/trf.gov.tr\/wp-content\/uploads\/2023\/11\/WR-16th-General-Assembly-7-300x200.jpg 300w, https:\/\/trf.gov.tr\/wp-content\/uploads\/2023\/11\/WR-16th-General-Assembly-7-768x512.jpg 768w, https:\/\/trf.gov.tr\/wp-content\/uploads\/2023\/11\/WR-16th-General-Assembly-7-1536x1024.jpg 1536w, https:\/\/trf.gov.tr\/wp-content\/uploads\/2023\/11\/WR-16th-General-Assembly-7-2048x1365.jpg 2048w\" sizes=\"(max-width: 1024px) 100vw, 1024px\" \/><figcaption class=\"wp-element-caption\">PARIS, FRANCE &#8211; OCTOBER 26: The Sixteenth World Rugby General Assembly on October 26, 2023 in Paris, France. (Photo by Chris Hyde &#8211; World Rugby\/World Rugby via Getty Images,)<\/figcaption><\/figure>\n<\/figure>\n\n\n\n<p>Ayr\u0131ca \u00e7e\u015fitli federasyonlarla, g\u00fcn ge\u00e7tik\u00e7e daha \u00e7ok b\u00fcy\u00fcyen ve ba\u015far\u0131lar elde eden T\u00fcrkiye Ragbi Federasyonu ad\u0131na destek almak i\u00e7in olumlu g\u00f6r\u00fc\u015fmeler yap\u0131ld\u0131.<\/p>\n","protected":false},"excerpt":{"rendered":"<p>World Rugby 16. Genel Toplant\u0131s\u0131 26 Ekim 2023 tarihinde Fransa&#8217;n\u0131n Paris \u015fehrinde ger\u00e7ekle\u015ftirildi. D\u00fcnyan\u0131n d\u00f6rt bir yan\u0131ndan gelen federasyon y\u00f6neticileriyle<\/p>\n","protected":false},"author":1,"featured_media":1063,"comment_status":"open","ping_status":"open","sticky":false,"template":"","format":"standard","meta":{"footnotes":""},"categories":[1,6,4],"tags":[11],"class_list":["post-1062","post","type-post","status-publish","format-standard","has-post-thumbnail","hentry","category-genel","category-mansethaber","category-ragbi","tag-ragbi"],"featured_image_urls":{"full":["https:\/\/trf.gov.tr\/wp-content\/uploads\/2023\/11\/WR-16th-General-Assembly-129-scaled.jpg",2560,1707,false],"thumbnail":["https:\/\/trf.gov.tr\/wp-content\/uploads\/2023\/11\/WR-16th-General-Assembly-129-150x150.jpg",150,150,true],"medium":["https:\/\/trf.gov.tr\/wp-content\/uploads\/2023\/11\/WR-16th-General-Assembly-129-300x200.jpg",300,200,true],"medium_large":["https:\/\/trf.gov.tr\/wp-content\/uploads\/2023\/11\/WR-16th-General-Assembly-129-768x512.jpg",640,427,true],"large":["https:\/\/trf.gov.tr\/wp-content\/uploads\/2023\/11\/WR-16th-General-Assembly-129-1024x683.jpg",640,427,true],"1536x1536":["https:\/\/trf.gov.tr\/wp-content\/uploads\/2023\/11\/WR-16th-General-Assembly-129-1536x1024.jpg",1536,1024,true],"2048x2048":["https:\/\/trf.gov.tr\/wp-content\/uploads\/2023\/11\/WR-16th-General-Assembly-129-2048x1365.jpg",2048,1365,true],"cvmm-medium":["https:\/\/trf.gov.tr\/wp-content\/uploads\/2023\/11\/WR-16th-General-Assembly-129-scaled.jpg",300,200,false],"cvmm-medium-plus":["https:\/\/trf.gov.tr\/wp-content\/uploads\/2023\/11\/WR-16th-General-Assembly-129-scaled.jpg",305,203,false],"cvmm-portrait":["https:\/\/trf.gov.tr\/wp-content\/uploads\/2023\/11\/WR-16th-General-Assembly-129-scaled.jpg",400,267,false],"cvmm-medium-square":["https:\/\/trf.gov.tr\/wp-content\/uploads\/2023\/11\/WR-16th-General-Assembly-129-scaled.jpg",600,400,false],"cvmm-large":["https:\/\/trf.gov.tr\/wp-content\/uploads\/2023\/11\/WR-16th-General-Assembly-129-scaled.jpg",1024,683,false],"cvmm-small":["https:\/\/trf.gov.tr\/wp-content\/uploads\/2023\/11\/WR-16th-General-Assembly-129-scaled.jpg",130,87,false],"morenews-featured":["https:\/\/trf.gov.tr\/wp-content\/uploads\/2023\/11\/WR-16th-General-Assembly-129-1024x683.jpg",1024,683,true],"morenews-large":["https:\/\/trf.gov.tr\/wp-content\/uploads\/2023\/11\/WR-16th-General-Assembly-129-825x575.jpg",825,575,true],"morenews-medium":["https:\/\/trf.gov.tr\/wp-content\/uploads\/2023\/11\/WR-16th-General-Assembly-129-590x410.jpg",590,410,true]},"author_info":{"display_name":"trfgovtr","author_link":"https:\/\/trf.gov.tr\/?author=1"},"category_info":"<a href=\"https:\/\/trf.gov.tr\/?cat=1\" rel=\"category\">Genel<\/a> <a href=\"https:\/\/trf.gov.tr\/?cat=6\" rel=\"category\">Man\u015fet Haber<\/a> <a href=\"https:\/\/trf.gov.tr\/?cat=4\" rel=\"category\">Ragbi<\/a>","tag_info":"Ragbi","comment_count":"0","wpmagazine_modules_lite_featured_media_urls":{"thumbnail":["https:\/\/trf.gov.tr\/wp-content\/uploads\/2023\/11\/WR-16th-General-Assembly-129-150x150.jpg",150,150,true],"cvmm-medium":["https:\/\/trf.gov.tr\/wp-content\/uploads\/2023\/11\/WR-16th-General-Assembly-129-scaled.jpg",300,200,false],"cvmm-medium-plus":["https:\/\/trf.gov.tr\/wp-content\/uploads\/2023\/11\/WR-16th-General-Assembly-129-scaled.jpg",305,203,false],"cvmm-portrait":["https:\/\/trf.gov.tr\/wp-content\/uploads\/2023\/11\/WR-16th-General-Assembly-129-scaled.jpg",400,267,false],"cvmm-medium-square":["https:\/\/trf.gov.tr\/wp-content\/uploads\/2023\/11\/WR-16th-General-Assembly-129-scaled.jpg",600,400,false],"cvmm-large":["https:\/\/trf.gov.tr\/wp-content\/uploads\/2023\/11\/WR-16th-General-Assembly-129-scaled.jpg",1024,683,false],"cvmm-small":["https:\/\/trf.gov.tr\/wp-content\/uploads\/2023\/11\/WR-16th-General-Assembly-129-scaled.jpg",130,87,false],"full":["https:\/\/trf.gov.tr\/wp-content\/uploads\/2023\/11\/WR-16th-General-Assembly-129-scaled.jpg",2560,1707,false]},"categories_names":{"1":{"name":"Genel","link":"https:\/\/trf.gov.tr\/?cat=1"},"6":{"name":"Man\u015fet Haber","link":"https:\/\/trf.gov.tr\/?cat=6"},"4":{"name":"Ragbi","link":"https:\/\/trf.gov.tr\/?cat=4"}},"tags_names":{"11":{"name":"Ragbi","link":"https:\/\/trf.gov.tr\/?tag=ragbi"}},"comments_number":"0","_links":{"self":[{"href":"https:\/\/trf.gov.tr\/index.php?rest_route=\/wp\/v2\/posts\/1062","targetHints":{"allow":["GET"]}}],"collection":[{"href":"https:\/\/trf.gov.tr\/index.php?rest_route=\/wp\/v2\/posts"}],"about":[{"href":"https:\/\/trf.gov.tr\/index.php?rest_route=\/wp\/v2\/types\/post"}],"author":[{"embeddable":true,"href":"https:\/\/trf.gov.tr\/index.php?rest_route=\/wp\/v2\/users\/1"}],"replies":[{"embeddable":true,"href":"https:\/\/trf.gov.tr\/index.php?rest_route=%2Fwp%2Fv2%2Fcomments&post=1062"}],"version-history":[{"count":1,"href":"https:\/\/trf.gov.tr\/index.php?rest_route=\/wp\/v2\/posts\/1062\/revisions"}],"predecessor-version":[{"id":1065,"href":"https:\/\/trf.gov.tr\/index.php?rest_route=\/wp\/v2\/posts\/1062\/revisions\/1065"}],"wp:featuredmedia":[{"embeddable":true,"href":"https:\/\/trf.gov.tr\/index.php?rest_route=\/wp\/v2\/media\/1063"}],"wp:attachment":[{"href":"https:\/\/trf.gov.tr\/index.php?rest_route=%2Fwp%2Fv2%2Fmedia&parent=1062"}],"wp:term":[{"taxonomy":"category","embeddable":true,"href":"https:\/\/trf.gov.tr\/index.php?rest_route=%2Fwp%2Fv2%2Fcategories&post=1062"},{"taxonomy":"post_tag","embeddable":true,"href":"https:\/\/trf.gov.tr\/index.php?rest_route=%2Fwp%2Fv2%2Ftags&post=1062"}],"curies":[{"name":"wp","href":"https:\/\/api.w.org\/{rel}","templated":true}]}}