{"id":1614,"date":"2023-11-16T15:12:13","date_gmt":"2023-11-16T12:12:13","guid":{"rendered":"https:\/\/trf.gov.tr\/?p=1614"},"modified":"2023-11-16T17:45:55","modified_gmt":"2023-11-16T14:45:55","slug":"litvanyada-duzenlenen-2023-beyzbol5-avrupa-sampiyonasina-davet-edilen-ilk-turk-hakem-musa-bagdat-turkiye-ragbi-federasyonu-baskani-nahit-sahini-ziyaret-etti","status":"publish","type":"post","link":"https:\/\/trf.gov.tr\/?p=1614","title":{"rendered":"Litvanya\u2019da d\u00fczenlenen 2023 Beyzbol5 Avrupa \u015eampiyonas\u0131na davet edilen ilk T\u00fcrk Hakem Musa Ba\u011fdat T\u00fcrkiye Ragbi Federasyonu Ba\u015fkan\u0131 Nahit \u015eahin&#8217;i ziyaret etti"},"content":{"rendered":"\n<p>2023 Beyzbol5 Avrupa \u015eampiyonas\u0131 7-11 Kas\u0131m 2023 tarihleri aras\u0131nda Litvanya\u2019da ger\u00e7ekle\u015ftirildi. Beyzbol5 Avrupa \u015eampiyonas\u0131na ilk kez bu y\u0131l T\u00fcrk Hakemimiz Musa Ba\u011fdat davet edildi. \u0130spanya-\u0130talya, Hollanda-Finlandiya, Bulgaristan-Romanya ve Finlandiya-\u0130spanya ba\u015fta olmak \u00fczere 17\u2019den fazla ma\u00e7a \u00e7\u0131kan hakemimiz ayn\u0131 zamanda final ma\u00e7\u0131nda 1. kalede g\u00f6rev ald\u0131. T\u00fcrkiye Ragbi Federasyonu Ba\u015fkan\u0131 Say\u0131n Nahit \u015eahin&#8217;i ziyaret eden Ba\u011fdat, deneyimlerini aktard\u0131. Bu ba\u015far\u0131lar\u0131n artarak devam edece\u011fini ve bunun i\u00e7in her t\u00fcrl\u00fc deste\u011fi verece\u011fini s\u00f6yleyen Nahit \u015eahin, sporcumuzu bir kez daha tebrik etti.<\/p>\n\n\n\n<figure class=\"wp-block-image size-large\"><img fetchpriority=\"high\" decoding=\"async\" width=\"1024\" height=\"683\" src=\"https:\/\/trf.gov.tr\/wp-content\/uploads\/2023\/11\/DSCF0072-2-1024x683.jpg\" alt=\"\" class=\"wp-image-1615\" srcset=\"https:\/\/trf.gov.tr\/wp-content\/uploads\/2023\/11\/DSCF0072-2-1024x683.jpg 1024w, https:\/\/trf.gov.tr\/wp-content\/uploads\/2023\/11\/DSCF0072-2-300x200.jpg 300w, https:\/\/trf.gov.tr\/wp-content\/uploads\/2023\/11\/DSCF0072-2-768x512.jpg 768w, https:\/\/trf.gov.tr\/wp-content\/uploads\/2023\/11\/DSCF0072-2-1536x1024.jpg 1536w, https:\/\/trf.gov.tr\/wp-content\/uploads\/2023\/11\/DSCF0072-2-2048x1365.jpg 2048w\" sizes=\"(max-width: 1024px) 100vw, 1024px\" \/><\/figure>\n","protected":false},"excerpt":{"rendered":"<p>2023 Beyzbol5 Avrupa \u015eampiyonas\u0131 7-11 Kas\u0131m 2023 tarihleri aras\u0131nda Litvanya\u2019da ger\u00e7ekle\u015ftirildi. Beyzbol5 Avrupa \u015eampiyonas\u0131na ilk kez bu y\u0131l T\u00fcrk Hakemimiz<\/p>\n","protected":false},"author":1,"featured_media":1616,"comment_status":"open","ping_status":"open","sticky":false,"template":"","format":"standard","meta":{"footnotes":""},"categories":[1,6],"tags":[8],"class_list":["post-1614","post","type-post","status-publish","format-standard","has-post-thumbnail","hentry","category-genel","category-mansethaber","tag-beyzbol5"],"featured_image_urls":{"full":["https:\/\/trf.gov.tr\/wp-content\/uploads\/2023\/11\/DSCF0035.jpg",2048,1365,false],"thumbnail":["https:\/\/trf.gov.tr\/wp-content\/uploads\/2023\/11\/DSCF0035-150x150.jpg",150,150,true],"medium":["https:\/\/trf.gov.tr\/wp-content\/uploads\/2023\/11\/DSCF0035-300x200.jpg",300,200,true],"medium_large":["https:\/\/trf.gov.tr\/wp-content\/uploads\/2023\/11\/DSCF0035-768x512.jpg",640,427,true],"large":["https:\/\/trf.gov.tr\/wp-content\/uploads\/2023\/11\/DSCF0035-1024x683.jpg",640,427,true],"1536x1536":["https:\/\/trf.gov.tr\/wp-content\/uploads\/2023\/11\/DSCF0035-1536x1024.jpg",1536,1024,true],"2048x2048":["https:\/\/trf.gov.tr\/wp-content\/uploads\/2023\/11\/DSCF0035.jpg",2048,1365,false],"cvmm-medium":["https:\/\/trf.gov.tr\/wp-content\/uploads\/2023\/11\/DSCF0035-300x300.jpg",300,300,true],"cvmm-medium-plus":["https:\/\/trf.gov.tr\/wp-content\/uploads\/2023\/11\/DSCF0035-305x207.jpg",305,207,true],"cvmm-portrait":["https:\/\/trf.gov.tr\/wp-content\/uploads\/2023\/11\/DSCF0035-400x600.jpg",400,600,true],"cvmm-medium-square":["https:\/\/trf.gov.tr\/wp-content\/uploads\/2023\/11\/DSCF0035-600x600.jpg",600,600,true],"cvmm-large":["https:\/\/trf.gov.tr\/wp-content\/uploads\/2023\/11\/DSCF0035-1024x1024.jpg",1024,1024,true],"cvmm-small":["https:\/\/trf.gov.tr\/wp-content\/uploads\/2023\/11\/DSCF0035-130x95.jpg",130,95,true],"morenews-featured":["https:\/\/trf.gov.tr\/wp-content\/uploads\/2023\/11\/DSCF0035-1024x683.jpg",1024,683,true],"morenews-large":["https:\/\/trf.gov.tr\/wp-content\/uploads\/2023\/11\/DSCF0035-825x575.jpg",825,575,true],"morenews-medium":["https:\/\/trf.gov.tr\/wp-content\/uploads\/2023\/11\/DSCF0035-590x410.jpg",590,410,true]},"author_info":{"display_name":"trfgovtr","author_link":"https:\/\/trf.gov.tr\/?author=1"},"category_info":"<a href=\"https:\/\/trf.gov.tr\/?cat=1\" rel=\"category\">Genel<\/a> <a href=\"https:\/\/trf.gov.tr\/?cat=6\" rel=\"category\">Man\u015fet Haber<\/a>","tag_info":"Man\u015fet Haber","comment_count":"0","wpmagazine_modules_lite_featured_media_urls":{"thumbnail":["https:\/\/trf.gov.tr\/wp-content\/uploads\/2023\/11\/DSCF0035-150x150.jpg",150,150,true],"cvmm-medium":["https:\/\/trf.gov.tr\/wp-content\/uploads\/2023\/11\/DSCF0035-300x300.jpg",300,300,true],"cvmm-medium-plus":["https:\/\/trf.gov.tr\/wp-content\/uploads\/2023\/11\/DSCF0035-305x207.jpg",305,207,true],"cvmm-portrait":["https:\/\/trf.gov.tr\/wp-content\/uploads\/2023\/11\/DSCF0035-400x600.jpg",400,600,true],"cvmm-medium-square":["https:\/\/trf.gov.tr\/wp-content\/uploads\/2023\/11\/DSCF0035-600x600.jpg",600,600,true],"cvmm-large":["https:\/\/trf.gov.tr\/wp-content\/uploads\/2023\/11\/DSCF0035-1024x1024.jpg",1024,1024,true],"cvmm-small":["https:\/\/trf.gov.tr\/wp-content\/uploads\/2023\/11\/DSCF0035-130x95.jpg",130,95,true],"full":["https:\/\/trf.gov.tr\/wp-content\/uploads\/2023\/11\/DSCF0035.jpg",2048,1365,false]},"categories_names":{"1":{"name":"Genel","link":"https:\/\/trf.gov.tr\/?cat=1"},"6":{"name":"Man\u015fet Haber","link":"https:\/\/trf.gov.tr\/?cat=6"}},"tags_names":{"8":{"name":"Beyzbol5","link":"https:\/\/trf.gov.tr\/?tag=beyzbol5"}},"comments_number":"0","_links":{"self":[{"href":"https:\/\/trf.gov.tr\/index.php?rest_route=\/wp\/v2\/posts\/1614","targetHints":{"allow":["GET"]}}],"collection":[{"href":"https:\/\/trf.gov.tr\/index.php?rest_route=\/wp\/v2\/posts"}],"about":[{"href":"https:\/\/trf.gov.tr\/index.php?rest_route=\/wp\/v2\/types\/post"}],"author":[{"embeddable":true,"href":"https:\/\/trf.gov.tr\/index.php?rest_route=\/wp\/v2\/users\/1"}],"replies":[{"embeddable":true,"href":"https:\/\/trf.gov.tr\/index.php?rest_route=%2Fwp%2Fv2%2Fcomments&post=1614"}],"version-history":[{"count":1,"href":"https:\/\/trf.gov.tr\/index.php?rest_route=\/wp\/v2\/posts\/1614\/revisions"}],"predecessor-version":[{"id":1617,"href":"https:\/\/trf.gov.tr\/index.php?rest_route=\/wp\/v2\/posts\/1614\/revisions\/1617"}],"wp:featuredmedia":[{"embeddable":true,"href":"https:\/\/trf.gov.tr\/index.php?rest_route=\/wp\/v2\/media\/1616"}],"wp:attachment":[{"href":"https:\/\/trf.gov.tr\/index.php?rest_route=%2Fwp%2Fv2%2Fmedia&parent=1614"}],"wp:term":[{"taxonomy":"category","embeddable":true,"href":"https:\/\/trf.gov.tr\/index.php?rest_route=%2Fwp%2Fv2%2Fcategories&post=1614"},{"taxonomy":"post_tag","embeddable":true,"href":"https:\/\/trf.gov.tr\/index.php?rest_route=%2Fwp%2Fv2%2Ftags&post=1614"}],"curies":[{"name":"wp","href":"https:\/\/api.w.org\/{rel}","templated":true}]}}