{"id":227,"date":"2023-10-04T17:12:54","date_gmt":"2023-10-04T14:12:54","guid":{"rendered":"https:\/\/trf.gov.tr?p=227"},"modified":"2023-11-09T19:02:20","modified_gmt":"2023-11-09T16:02:20","slug":"beyzbol5-dunya-kupasi-ankarada-organize-edilecek","status":"publish","type":"post","link":"https:\/\/trf.gov.tr\/?p=227","title":{"rendered":"Beyzbol5 D\u00fcnya Kupas\u0131 Ankara\u2019da organize edilecek"},"content":{"rendered":"\n<p>T\u00fcrkiye \u00e7ok \u00f6nemli bir spor organizasyonuna ev sahipli\u011fi yapmaya haz\u0131rlan\u0131yor. Gen\u00e7ler Beyzbol5 D\u00fcnya Kupas\u0131 10-15 Ekim 2023 tarihleri aras\u0131nda Ankara\u2019da organize edilecek.<\/p>\n\n\n\n<p>Ankara Yenimahalle Spor Tesislerinde ger\u00e7ekle\u015fecek organizasyona T\u00fcrkiye\u2019nin yan\u0131 s\u0131ra Fransa,Gana, \u00c7in, Tayvan, K\u00fcba, Kore, Meksika, Tunus, Malezya, Zambia ve Avustralya kat\u0131l\u0131m sa\u011fl\u0131yor.<\/p>\n\n\n\n<p>Gen\u00e7ler kategorisinde d\u00fcnyada ilk kez d\u00fczenlenecek organizasyonu Ankara\u2019da yapmaktan heyecan duyduklar\u0131n\u0131 ifade eden T\u00fcrkiye Ragbi Federasyonu Ba\u015fkan\u0131 Nahit \u015eahin, \u201cSporun birle\u015ftirici g\u00fcc\u00fcn\u00fc vurgulayan bu heyecan verici etkinlik i\u00e7in Ankara\u2019da bulu\u015fuyoruz. Beyzbol5, sadece bir spor de\u011fil, ayn\u0131 zamanda dostluk, dayan\u0131\u015fma ve uluslararas\u0131 ili\u015fkilerin geli\u015fmesine katk\u0131da bulunan bir ara\u00e7t\u0131r. Gen\u00e7ler Beyzbol5 D\u00fcnya Kupas\u0131, gen\u00e7 sporcular\u0131m\u0131za d\u00fcnya genelinde bir araya gelme f\u0131rsat\u0131 sunuyor. 12 farkl\u0131 \u00fclkeden gelen bu gen\u00e7 yetenekler, sporda \u00fcst\u00fcn ba\u015far\u0131lar elde etmek ve uluslararas\u0131 arenada dostluklar kurmak i\u00e7in rekabet edecekler. \u00dclkemizde ve D\u00fcnyada bu ya\u015f kategorisinde ilk defa yap\u0131lacak olmas\u0131 ve bizim ev sahipli\u011fimizde olmas\u0131 heyecan ve gurur verici. sa\u011flayan Wbsc Ba\u015fkan\u0131 Say\u0131n Riccardo Fraccari\u2019ye ve wbsc ekibine te\u015fekk\u00fcr ederim\u201d&nbsp;diye&nbsp;konu\u015ftu.<\/p>\n","protected":false},"excerpt":{"rendered":"<p>T\u00fcrkiye \u00e7ok \u00f6nemli bir spor organizasyonuna ev sahipli\u011fi yapmaya haz\u0131rlan\u0131yor. Gen\u00e7ler Beyzbol5 D\u00fcnya Kupas\u0131 10-15 Ekim 2023 tarihleri aras\u0131nda Ankara\u2019da<\/p>\n","protected":false},"author":1,"featured_media":228,"comment_status":"open","ping_status":"open","sticky":false,"template":"","format":"standard","meta":{"footnotes":""},"categories":[2,6],"tags":[8],"class_list":["post-227","post","type-post","status-publish","format-standard","has-post-thumbnail","hentry","category-beyzbol","category-mansethaber","tag-beyzbol5"],"featured_image_urls":{"full":["https:\/\/trf.gov.tr\/wp-content\/uploads\/2023\/10\/1696407651.png",1920,1080,false],"thumbnail":["https:\/\/trf.gov.tr\/wp-content\/uploads\/2023\/10\/1696407651-150x150.png",150,150,true],"medium":["https:\/\/trf.gov.tr\/wp-content\/uploads\/2023\/10\/1696407651-300x169.png",300,169,true],"medium_large":["https:\/\/trf.gov.tr\/wp-content\/uploads\/2023\/10\/1696407651-768x432.png",640,360,true],"large":["https:\/\/trf.gov.tr\/wp-content\/uploads\/2023\/10\/1696407651-1024x576.png",640,360,true],"1536x1536":["https:\/\/trf.gov.tr\/wp-content\/uploads\/2023\/10\/1696407651-1536x864.png",1536,864,true],"2048x2048":["https:\/\/trf.gov.tr\/wp-content\/uploads\/2023\/10\/1696407651.png",1920,1080,false],"cvmm-medium":["https:\/\/trf.gov.tr\/wp-content\/uploads\/2023\/10\/1696407651.png",300,169,false],"cvmm-medium-plus":["https:\/\/trf.gov.tr\/wp-content\/uploads\/2023\/10\/1696407651.png",305,172,false],"cvmm-portrait":["https:\/\/trf.gov.tr\/wp-content\/uploads\/2023\/10\/1696407651.png",400,225,false],"cvmm-medium-square":["https:\/\/trf.gov.tr\/wp-content\/uploads\/2023\/10\/1696407651.png",600,338,false],"cvmm-large":["https:\/\/trf.gov.tr\/wp-content\/uploads\/2023\/10\/1696407651.png",1024,576,false],"cvmm-small":["https:\/\/trf.gov.tr\/wp-content\/uploads\/2023\/10\/1696407651.png",130,73,false],"morenews-featured":["https:\/\/trf.gov.tr\/wp-content\/uploads\/2023\/10\/1696407651-1024x576.png",1024,576,true],"morenews-large":["https:\/\/trf.gov.tr\/wp-content\/uploads\/2023\/10\/1696407651-825x575.png",825,575,true],"morenews-medium":["https:\/\/trf.gov.tr\/wp-content\/uploads\/2023\/10\/1696407651-590x410.png",590,410,true]},"author_info":{"display_name":"trfgovtr","author_link":"https:\/\/trf.gov.tr\/?author=1"},"category_info":"<a href=\"https:\/\/trf.gov.tr\/?cat=2\" rel=\"category\">Beyzbol<\/a> <a href=\"https:\/\/trf.gov.tr\/?cat=6\" rel=\"category\">Man\u015fet Haber<\/a>","tag_info":"Man\u015fet Haber","comment_count":"0","wpmagazine_modules_lite_featured_media_urls":{"thumbnail":["https:\/\/trf.gov.tr\/wp-content\/uploads\/2023\/10\/1696407651-150x150.png",150,150,true],"cvmm-medium":["https:\/\/trf.gov.tr\/wp-content\/uploads\/2023\/10\/1696407651.png",300,169,false],"cvmm-medium-plus":["https:\/\/trf.gov.tr\/wp-content\/uploads\/2023\/10\/1696407651.png",305,172,false],"cvmm-portrait":["https:\/\/trf.gov.tr\/wp-content\/uploads\/2023\/10\/1696407651.png",400,225,false],"cvmm-medium-square":["https:\/\/trf.gov.tr\/wp-content\/uploads\/2023\/10\/1696407651.png",600,338,false],"cvmm-large":["https:\/\/trf.gov.tr\/wp-content\/uploads\/2023\/10\/1696407651.png",1024,576,false],"cvmm-small":["https:\/\/trf.gov.tr\/wp-content\/uploads\/2023\/10\/1696407651.png",130,73,false],"full":["https:\/\/trf.gov.tr\/wp-content\/uploads\/2023\/10\/1696407651.png",1920,1080,false]},"categories_names":{"2":{"name":"Beyzbol","link":"https:\/\/trf.gov.tr\/?cat=2"},"6":{"name":"Man\u015fet Haber","link":"https:\/\/trf.gov.tr\/?cat=6"}},"tags_names":{"8":{"name":"Beyzbol5","link":"https:\/\/trf.gov.tr\/?tag=beyzbol5"}},"comments_number":"0","_links":{"self":[{"href":"https:\/\/trf.gov.tr\/index.php?rest_route=\/wp\/v2\/posts\/227","targetHints":{"allow":["GET"]}}],"collection":[{"href":"https:\/\/trf.gov.tr\/index.php?rest_route=\/wp\/v2\/posts"}],"about":[{"href":"https:\/\/trf.gov.tr\/index.php?rest_route=\/wp\/v2\/types\/post"}],"author":[{"embeddable":true,"href":"https:\/\/trf.gov.tr\/index.php?rest_route=\/wp\/v2\/users\/1"}],"replies":[{"embeddable":true,"href":"https:\/\/trf.gov.tr\/index.php?rest_route=%2Fwp%2Fv2%2Fcomments&post=227"}],"version-history":[{"count":1,"href":"https:\/\/trf.gov.tr\/index.php?rest_route=\/wp\/v2\/posts\/227\/revisions"}],"predecessor-version":[{"id":229,"href":"https:\/\/trf.gov.tr\/index.php?rest_route=\/wp\/v2\/posts\/227\/revisions\/229"}],"wp:featuredmedia":[{"embeddable":true,"href":"https:\/\/trf.gov.tr\/index.php?rest_route=\/wp\/v2\/media\/228"}],"wp:attachment":[{"href":"https:\/\/trf.gov.tr\/index.php?rest_route=%2Fwp%2Fv2%2Fmedia&parent=227"}],"wp:term":[{"taxonomy":"category","embeddable":true,"href":"https:\/\/trf.gov.tr\/index.php?rest_route=%2Fwp%2Fv2%2Fcategories&post=227"},{"taxonomy":"post_tag","embeddable":true,"href":"https:\/\/trf.gov.tr\/index.php?rest_route=%2Fwp%2Fv2%2Ftags&post=227"}],"curies":[{"name":"wp","href":"https:\/\/api.w.org\/{rel}","templated":true}]}}