{"id":7852,"date":"2025-04-25T15:53:18","date_gmt":"2025-04-25T12:53:18","guid":{"rendered":"https:\/\/trf.gov.tr\/?p=7852"},"modified":"2025-09-15T09:59:58","modified_gmt":"2025-09-15T06:59:58","slug":"duyuru","status":"publish","type":"post","link":"https:\/\/trf.gov.tr\/?p=7852","title":{"rendered":"Duyuru"},"content":{"rendered":"\n<p>Federasyonumuza ba\u011fl\u0131 bran\u015flar\u0131n lig m\u00fcsabakalar\u0131nda Ragbi Federasyonu Esenbo\u011fa Tesisleri\u2019ni kullanmak isteyen kul\u00fcplerimizden \u00fccret tahsis edilmeyecektir.<\/p>\n\n\n\n<p>Saha tahsisi talep eden kul\u00fcplerimizin federasyonumuzla ileti\u015fime ge\u00e7mesi rica olunur.<\/p>\n","protected":false},"excerpt":{"rendered":"<p>Federasyonumuza ba\u011fl\u0131 bran\u015flar\u0131n lig m\u00fcsabakalar\u0131nda Ragbi Federasyonu Esenbo\u011fa Tesisleri\u2019ni kullanmak isteyen kul\u00fcplerimizden \u00fccret tahsis edilmeyecektir. Saha tahsisi talep eden kul\u00fcplerimizin<\/p>\n","protected":false},"author":1,"featured_media":7853,"comment_status":"open","ping_status":"open","sticky":false,"template":"","format":"standard","meta":{"footnotes":""},"categories":[7,1,6],"tags":[31],"class_list":["post-7852","post","type-post","status-publish","format-standard","has-post-thumbnail","hentry","category-duyurular","category-genel","category-mansethaber","tag-duyuru"],"featured_image_urls":{"full":["https:\/\/trf.gov.tr\/wp-content\/uploads\/2025\/04\/NEMLI-DUYURU-MUSABAKA-KAYIT-TARIHLERI-HAKKINDA-Federasyonumuz-tarafindan-duzenlenen-musabakalar-icin-kayit-tarihleri-kesinlikle-belirtilen-sure-icinde-tamamlanmalidir.-Kayit-tarihlerinden-sonra-ya-3.png",2391,1344,false],"thumbnail":["https:\/\/trf.gov.tr\/wp-content\/uploads\/2025\/04\/NEMLI-DUYURU-MUSABAKA-KAYIT-TARIHLERI-HAKKINDA-Federasyonumuz-tarafindan-duzenlenen-musabakalar-icin-kayit-tarihleri-kesinlikle-belirtilen-sure-icinde-tamamlanmalidir.-Kayit-tarihlerinden-sonra-ya-3-150x150.png",150,150,true],"medium":["https:\/\/trf.gov.tr\/wp-content\/uploads\/2025\/04\/NEMLI-DUYURU-MUSABAKA-KAYIT-TARIHLERI-HAKKINDA-Federasyonumuz-tarafindan-duzenlenen-musabakalar-icin-kayit-tarihleri-kesinlikle-belirtilen-sure-icinde-tamamlanmalidir.-Kayit-tarihlerinden-sonra-ya-3-300x169.png",300,169,true],"medium_large":["https:\/\/trf.gov.tr\/wp-content\/uploads\/2025\/04\/NEMLI-DUYURU-MUSABAKA-KAYIT-TARIHLERI-HAKKINDA-Federasyonumuz-tarafindan-duzenlenen-musabakalar-icin-kayit-tarihleri-kesinlikle-belirtilen-sure-icinde-tamamlanmalidir.-Kayit-tarihlerinden-sonra-ya-3-768x432.png",640,360,true],"large":["https:\/\/trf.gov.tr\/wp-content\/uploads\/2025\/04\/NEMLI-DUYURU-MUSABAKA-KAYIT-TARIHLERI-HAKKINDA-Federasyonumuz-tarafindan-duzenlenen-musabakalar-icin-kayit-tarihleri-kesinlikle-belirtilen-sure-icinde-tamamlanmalidir.-Kayit-tarihlerinden-sonra-ya-3-1024x576.png",640,360,true],"1536x1536":["https:\/\/trf.gov.tr\/wp-content\/uploads\/2025\/04\/NEMLI-DUYURU-MUSABAKA-KAYIT-TARIHLERI-HAKKINDA-Federasyonumuz-tarafindan-duzenlenen-musabakalar-icin-kayit-tarihleri-kesinlikle-belirtilen-sure-icinde-tamamlanmalidir.-Kayit-tarihlerinden-sonra-ya-3-1536x863.png",1536,863,true],"2048x2048":["https:\/\/trf.gov.tr\/wp-content\/uploads\/2025\/04\/NEMLI-DUYURU-MUSABAKA-KAYIT-TARIHLERI-HAKKINDA-Federasyonumuz-tarafindan-duzenlenen-musabakalar-icin-kayit-tarihleri-kesinlikle-belirtilen-sure-icinde-tamamlanmalidir.-Kayit-tarihlerinden-sonra-ya-3-2048x1151.png",2048,1151,true],"cvmm-medium":["https:\/\/trf.gov.tr\/wp-content\/uploads\/2025\/04\/NEMLI-DUYURU-MUSABAKA-KAYIT-TARIHLERI-HAKKINDA-Federasyonumuz-tarafindan-duzenlenen-musabakalar-icin-kayit-tarihleri-kesinlikle-belirtilen-sure-icinde-tamamlanmalidir.-Kayit-tarihlerinden-sonra-ya-3-300x300.png",300,300,true],"cvmm-medium-plus":["https:\/\/trf.gov.tr\/wp-content\/uploads\/2025\/04\/NEMLI-DUYURU-MUSABAKA-KAYIT-TARIHLERI-HAKKINDA-Federasyonumuz-tarafindan-duzenlenen-musabakalar-icin-kayit-tarihleri-kesinlikle-belirtilen-sure-icinde-tamamlanmalidir.-Kayit-tarihlerinden-sonra-ya-3-305x207.png",305,207,true],"cvmm-portrait":["https:\/\/trf.gov.tr\/wp-content\/uploads\/2025\/04\/NEMLI-DUYURU-MUSABAKA-KAYIT-TARIHLERI-HAKKINDA-Federasyonumuz-tarafindan-duzenlenen-musabakalar-icin-kayit-tarihleri-kesinlikle-belirtilen-sure-icinde-tamamlanmalidir.-Kayit-tarihlerinden-sonra-ya-3-400x600.png",400,600,true],"cvmm-medium-square":["https:\/\/trf.gov.tr\/wp-content\/uploads\/2025\/04\/NEMLI-DUYURU-MUSABAKA-KAYIT-TARIHLERI-HAKKINDA-Federasyonumuz-tarafindan-duzenlenen-musabakalar-icin-kayit-tarihleri-kesinlikle-belirtilen-sure-icinde-tamamlanmalidir.-Kayit-tarihlerinden-sonra-ya-3-600x600.png",600,600,true],"cvmm-large":["https:\/\/trf.gov.tr\/wp-content\/uploads\/2025\/04\/NEMLI-DUYURU-MUSABAKA-KAYIT-TARIHLERI-HAKKINDA-Federasyonumuz-tarafindan-duzenlenen-musabakalar-icin-kayit-tarihleri-kesinlikle-belirtilen-sure-icinde-tamamlanmalidir.-Kayit-tarihlerinden-sonra-ya-3-1024x1024.png",1024,1024,true],"cvmm-small":["https:\/\/trf.gov.tr\/wp-content\/uploads\/2025\/04\/NEMLI-DUYURU-MUSABAKA-KAYIT-TARIHLERI-HAKKINDA-Federasyonumuz-tarafindan-duzenlenen-musabakalar-icin-kayit-tarihleri-kesinlikle-belirtilen-sure-icinde-tamamlanmalidir.-Kayit-tarihlerinden-sonra-ya-3-130x95.png",130,95,true],"morenews-featured":["https:\/\/trf.gov.tr\/wp-content\/uploads\/2025\/04\/NEMLI-DUYURU-MUSABAKA-KAYIT-TARIHLERI-HAKKINDA-Federasyonumuz-tarafindan-duzenlenen-musabakalar-icin-kayit-tarihleri-kesinlikle-belirtilen-sure-icinde-tamamlanmalidir.-Kayit-tarihlerinden-sonra-ya-3-1024x576.png",1024,576,true],"morenews-large":["https:\/\/trf.gov.tr\/wp-content\/uploads\/2025\/04\/NEMLI-DUYURU-MUSABAKA-KAYIT-TARIHLERI-HAKKINDA-Federasyonumuz-tarafindan-duzenlenen-musabakalar-icin-kayit-tarihleri-kesinlikle-belirtilen-sure-icinde-tamamlanmalidir.-Kayit-tarihlerinden-sonra-ya-3-825x575.png",825,575,true],"morenews-medium":["https:\/\/trf.gov.tr\/wp-content\/uploads\/2025\/04\/NEMLI-DUYURU-MUSABAKA-KAYIT-TARIHLERI-HAKKINDA-Federasyonumuz-tarafindan-duzenlenen-musabakalar-icin-kayit-tarihleri-kesinlikle-belirtilen-sure-icinde-tamamlanmalidir.-Kayit-tarihlerinden-sonra-ya-3-590x410.png",590,410,true]},"author_info":{"display_name":"trfgovtr","author_link":"https:\/\/trf.gov.tr\/?author=1"},"category_info":"<a href=\"https:\/\/trf.gov.tr\/?cat=7\" rel=\"category\">Duyurular<\/a> <a href=\"https:\/\/trf.gov.tr\/?cat=1\" rel=\"category\">Genel<\/a> <a href=\"https:\/\/trf.gov.tr\/?cat=6\" rel=\"category\">Man\u015fet Haber<\/a>","tag_info":"Man\u015fet Haber","comment_count":"0","wpmagazine_modules_lite_featured_media_urls":{"thumbnail":["https:\/\/trf.gov.tr\/wp-content\/uploads\/2025\/04\/NEMLI-DUYURU-MUSABAKA-KAYIT-TARIHLERI-HAKKINDA-Federasyonumuz-tarafindan-duzenlenen-musabakalar-icin-kayit-tarihleri-kesinlikle-belirtilen-sure-icinde-tamamlanmalidir.-Kayit-tarihlerinden-sonra-ya-3-150x150.png",150,150,true],"cvmm-medium":["https:\/\/trf.gov.tr\/wp-content\/uploads\/2025\/04\/NEMLI-DUYURU-MUSABAKA-KAYIT-TARIHLERI-HAKKINDA-Federasyonumuz-tarafindan-duzenlenen-musabakalar-icin-kayit-tarihleri-kesinlikle-belirtilen-sure-icinde-tamamlanmalidir.-Kayit-tarihlerinden-sonra-ya-3-300x300.png",300,300,true],"cvmm-medium-plus":["https:\/\/trf.gov.tr\/wp-content\/uploads\/2025\/04\/NEMLI-DUYURU-MUSABAKA-KAYIT-TARIHLERI-HAKKINDA-Federasyonumuz-tarafindan-duzenlenen-musabakalar-icin-kayit-tarihleri-kesinlikle-belirtilen-sure-icinde-tamamlanmalidir.-Kayit-tarihlerinden-sonra-ya-3-305x207.png",305,207,true],"cvmm-portrait":["https:\/\/trf.gov.tr\/wp-content\/uploads\/2025\/04\/NEMLI-DUYURU-MUSABAKA-KAYIT-TARIHLERI-HAKKINDA-Federasyonumuz-tarafindan-duzenlenen-musabakalar-icin-kayit-tarihleri-kesinlikle-belirtilen-sure-icinde-tamamlanmalidir.-Kayit-tarihlerinden-sonra-ya-3-400x600.png",400,600,true],"cvmm-medium-square":["https:\/\/trf.gov.tr\/wp-content\/uploads\/2025\/04\/NEMLI-DUYURU-MUSABAKA-KAYIT-TARIHLERI-HAKKINDA-Federasyonumuz-tarafindan-duzenlenen-musabakalar-icin-kayit-tarihleri-kesinlikle-belirtilen-sure-icinde-tamamlanmalidir.-Kayit-tarihlerinden-sonra-ya-3-600x600.png",600,600,true],"cvmm-large":["https:\/\/trf.gov.tr\/wp-content\/uploads\/2025\/04\/NEMLI-DUYURU-MUSABAKA-KAYIT-TARIHLERI-HAKKINDA-Federasyonumuz-tarafindan-duzenlenen-musabakalar-icin-kayit-tarihleri-kesinlikle-belirtilen-sure-icinde-tamamlanmalidir.-Kayit-tarihlerinden-sonra-ya-3-1024x1024.png",1024,1024,true],"cvmm-small":["https:\/\/trf.gov.tr\/wp-content\/uploads\/2025\/04\/NEMLI-DUYURU-MUSABAKA-KAYIT-TARIHLERI-HAKKINDA-Federasyonumuz-tarafindan-duzenlenen-musabakalar-icin-kayit-tarihleri-kesinlikle-belirtilen-sure-icinde-tamamlanmalidir.-Kayit-tarihlerinden-sonra-ya-3-130x95.png",130,95,true],"full":["https:\/\/trf.gov.tr\/wp-content\/uploads\/2025\/04\/NEMLI-DUYURU-MUSABAKA-KAYIT-TARIHLERI-HAKKINDA-Federasyonumuz-tarafindan-duzenlenen-musabakalar-icin-kayit-tarihleri-kesinlikle-belirtilen-sure-icinde-tamamlanmalidir.-Kayit-tarihlerinden-sonra-ya-3.png",2391,1344,false]},"categories_names":{"7":{"name":"Duyurular","link":"https:\/\/trf.gov.tr\/?cat=7"},"1":{"name":"Genel","link":"https:\/\/trf.gov.tr\/?cat=1"},"6":{"name":"Man\u015fet Haber","link":"https:\/\/trf.gov.tr\/?cat=6"}},"tags_names":{"31":{"name":"duyuru","link":"https:\/\/trf.gov.tr\/?tag=duyuru"}},"comments_number":"0","_links":{"self":[{"href":"https:\/\/trf.gov.tr\/index.php?rest_route=\/wp\/v2\/posts\/7852","targetHints":{"allow":["GET"]}}],"collection":[{"href":"https:\/\/trf.gov.tr\/index.php?rest_route=\/wp\/v2\/posts"}],"about":[{"href":"https:\/\/trf.gov.tr\/index.php?rest_route=\/wp\/v2\/types\/post"}],"author":[{"embeddable":true,"href":"https:\/\/trf.gov.tr\/index.php?rest_route=\/wp\/v2\/users\/1"}],"replies":[{"embeddable":true,"href":"https:\/\/trf.gov.tr\/index.php?rest_route=%2Fwp%2Fv2%2Fcomments&post=7852"}],"version-history":[{"count":2,"href":"https:\/\/trf.gov.tr\/index.php?rest_route=\/wp\/v2\/posts\/7852\/revisions"}],"predecessor-version":[{"id":8673,"href":"https:\/\/trf.gov.tr\/index.php?rest_route=\/wp\/v2\/posts\/7852\/revisions\/8673"}],"wp:featuredmedia":[{"embeddable":true,"href":"https:\/\/trf.gov.tr\/index.php?rest_route=\/wp\/v2\/media\/7853"}],"wp:attachment":[{"href":"https:\/\/trf.gov.tr\/index.php?rest_route=%2Fwp%2Fv2%2Fmedia&parent=7852"}],"wp:term":[{"taxonomy":"category","embeddable":true,"href":"https:\/\/trf.gov.tr\/index.php?rest_route=%2Fwp%2Fv2%2Fcategories&post=7852"},{"taxonomy":"post_tag","embeddable":true,"href":"https:\/\/trf.gov.tr\/index.php?rest_route=%2Fwp%2Fv2%2Ftags&post=7852"}],"curies":[{"name":"wp","href":"https:\/\/api.w.org\/{rel}","templated":true}]}}