{"id":8019,"date":"2025-06-26T17:33:03","date_gmt":"2025-06-26T14:33:03","guid":{"rendered":"https:\/\/trf.gov.tr\/?p=8019"},"modified":"2025-09-16T09:26:40","modified_gmt":"2025-09-16T06:26:40","slug":"u18-7li-ragbi-erkekler-turkiye-sampiyonasi-tamamlandi","status":"publish","type":"post","link":"https:\/\/trf.gov.tr\/?p=8019","title":{"rendered":"U18 7\u2019li Ragbi Erkekler T\u00fcrkiye \u015eampiyonas\u0131 Tamamland\u0131"},"content":{"rendered":"\n<p>T\u00fcrkiye Ragbi Federasyonu taraf\u0131ndan organize edilen&nbsp;<strong>U18 7\u2019li Ragbi Erkekler T\u00fcrkiye \u015eampiyonas\u0131<\/strong>, 21-25 Haziran 2025 tarihleri aras\u0131nda&nbsp;<strong>K\u0131z\u0131lcahamam So\u011fuksu Spor Tesisleri\u2019nde<\/strong>&nbsp;ger\u00e7ekle\u015ftirildi.<\/p>\n\n\n\n<p>T\u00fcrkiye genelinden bir\u00e7ok kul\u00fcb\u00fcn kat\u0131ld\u0131\u011f\u0131 organizasyonda gen\u00e7 sporcular, hem teknik becerilerini hem de tak\u0131m ruhunu sahaya yans\u0131tarak b\u00fcy\u00fck bir m\u00fccadele ortaya koydu.<\/p>\n\n\n\n<p>Final m\u00fcsabakalar\u0131n\u0131n ard\u0131ndan dereceye giren tak\u0131mlar \u015f\u00f6yle oldu:<\/p>\n\n\n\n<ul class=\"wp-block-list\">\n<li>\ud83e\udd47\u00a0<strong>1. Arakl\u0131 Belediye Spor Kul\u00fcb\u00fc<\/strong><\/li>\n\n\n\n<li>\ud83e\udd48\u00a0<strong>2. Fethiye Spor Lisesi Spor Kul\u00fcb\u00fc<\/strong><\/li>\n\n\n\n<li>\ud83e\udd49\u00a0<strong>3. K\u00f6rfez Gen\u00e7lerbirli\u011fi Spor Kul\u00fcb\u00fc<\/strong><\/li>\n<\/ul>\n\n\n\n<p>\u015eampiyona sonunda d\u00fczenlenen&nbsp;<strong>kupa ve madalya t\u00f6reninde<\/strong>&nbsp;\u00f6d\u00fcller;&nbsp;<strong>T\u00fcrkiye Ragbi Federasyonu Ba\u015fkan\u0131 Nahit \u015eahin<\/strong>,&nbsp;<strong>Ba\u015fkanvekili Engin K\u00f6m\u00fcrc\u00fc<\/strong>&nbsp;ve&nbsp;<strong>Asba\u015fkan Sercan \u0130lker Ertan<\/strong>&nbsp;taraf\u0131ndan takdim edildi.<\/p>\n\n\n\n<p>Gen\u00e7 sporcular\u0131n sergiledi\u011fi \u00f6zveri, disiplin ve fair play anlay\u0131\u015f\u0131, T\u00fcrk ragbisinin geli\u015fimi ad\u0131na umut verici bir tablo ortaya koydu. T\u00fcrkiye Ragbi Federasyonu olarak, gelece\u011fin milli sporcular\u0131n\u0131 yeti\u015ftirme hedefiyle \u00e7\u0131kt\u0131\u011f\u0131m\u0131z bu yolda, t\u00fcm kul\u00fcplerimizi, antren\u00f6rlerimizi ve sporcular\u0131m\u0131z\u0131 g\u00f6n\u00fclden kutluyoruz.<\/p>\n","protected":false},"excerpt":{"rendered":"<p>T\u00fcrkiye Ragbi Federasyonu taraf\u0131ndan organize edilen&nbsp;U18 7\u2019li Ragbi Erkekler T\u00fcrkiye \u015eampiyonas\u0131, 21-25 Haziran 2025 tarihleri aras\u0131nda&nbsp;K\u0131z\u0131lcahamam So\u011fuksu Spor Tesisleri\u2019nde&nbsp;ger\u00e7ekle\u015ftirildi. T\u00fcrkiye<\/p>\n","protected":false},"author":1,"featured_media":8020,"comment_status":"closed","ping_status":"open","sticky":false,"template":"","format":"standard","meta":{"footnotes":""},"categories":[7,1,6,4],"tags":[11],"class_list":["post-8019","post","type-post","status-publish","format-standard","has-post-thumbnail","hentry","category-duyurular","category-genel","category-mansethaber","category-ragbi","tag-ragbi"],"featured_image_urls":{"full":["https:\/\/trf.gov.tr\/wp-content\/uploads\/2025\/06\/IMG_3894-scaled.jpg",2560,1707,false],"thumbnail":["https:\/\/trf.gov.tr\/wp-content\/uploads\/2025\/06\/IMG_3894-150x150.jpg",150,150,true],"medium":["https:\/\/trf.gov.tr\/wp-content\/uploads\/2025\/06\/IMG_3894-300x200.jpg",300,200,true],"medium_large":["https:\/\/trf.gov.tr\/wp-content\/uploads\/2025\/06\/IMG_3894-768x512.jpg",640,427,true],"large":["https:\/\/trf.gov.tr\/wp-content\/uploads\/2025\/06\/IMG_3894-1024x683.jpg",640,427,true],"1536x1536":["https:\/\/trf.gov.tr\/wp-content\/uploads\/2025\/06\/IMG_3894-1536x1024.jpg",1536,1024,true],"2048x2048":["https:\/\/trf.gov.tr\/wp-content\/uploads\/2025\/06\/IMG_3894-2048x1365.jpg",2048,1365,true],"cvmm-medium":["https:\/\/trf.gov.tr\/wp-content\/uploads\/2025\/06\/IMG_3894-300x300.jpg",300,300,true],"cvmm-medium-plus":["https:\/\/trf.gov.tr\/wp-content\/uploads\/2025\/06\/IMG_3894-305x207.jpg",305,207,true],"cvmm-portrait":["https:\/\/trf.gov.tr\/wp-content\/uploads\/2025\/06\/IMG_3894-400x600.jpg",400,600,true],"cvmm-medium-square":["https:\/\/trf.gov.tr\/wp-content\/uploads\/2025\/06\/IMG_3894-600x600.jpg",600,600,true],"cvmm-large":["https:\/\/trf.gov.tr\/wp-content\/uploads\/2025\/06\/IMG_3894-1024x1024.jpg",1024,1024,true],"cvmm-small":["https:\/\/trf.gov.tr\/wp-content\/uploads\/2025\/06\/IMG_3894-130x95.jpg",130,95,true],"morenews-featured":["https:\/\/trf.gov.tr\/wp-content\/uploads\/2025\/06\/IMG_3894-1024x683.jpg",1024,683,true],"morenews-large":["https:\/\/trf.gov.tr\/wp-content\/uploads\/2025\/06\/IMG_3894-825x575.jpg",825,575,true],"morenews-medium":["https:\/\/trf.gov.tr\/wp-content\/uploads\/2025\/06\/IMG_3894-590x410.jpg",590,410,true]},"author_info":{"display_name":"trfgovtr","author_link":"https:\/\/trf.gov.tr\/?author=1"},"category_info":"<a href=\"https:\/\/trf.gov.tr\/?cat=7\" rel=\"category\">Duyurular<\/a> <a href=\"https:\/\/trf.gov.tr\/?cat=1\" rel=\"category\">Genel<\/a> <a href=\"https:\/\/trf.gov.tr\/?cat=6\" rel=\"category\">Man\u015fet Haber<\/a> <a href=\"https:\/\/trf.gov.tr\/?cat=4\" rel=\"category\">Ragbi<\/a>","tag_info":"Ragbi","comment_count":"0","wpmagazine_modules_lite_featured_media_urls":{"thumbnail":["https:\/\/trf.gov.tr\/wp-content\/uploads\/2025\/06\/IMG_3894-150x150.jpg",150,150,true],"cvmm-medium":["https:\/\/trf.gov.tr\/wp-content\/uploads\/2025\/06\/IMG_3894-300x300.jpg",300,300,true],"cvmm-medium-plus":["https:\/\/trf.gov.tr\/wp-content\/uploads\/2025\/06\/IMG_3894-305x207.jpg",305,207,true],"cvmm-portrait":["https:\/\/trf.gov.tr\/wp-content\/uploads\/2025\/06\/IMG_3894-400x600.jpg",400,600,true],"cvmm-medium-square":["https:\/\/trf.gov.tr\/wp-content\/uploads\/2025\/06\/IMG_3894-600x600.jpg",600,600,true],"cvmm-large":["https:\/\/trf.gov.tr\/wp-content\/uploads\/2025\/06\/IMG_3894-1024x1024.jpg",1024,1024,true],"cvmm-small":["https:\/\/trf.gov.tr\/wp-content\/uploads\/2025\/06\/IMG_3894-130x95.jpg",130,95,true],"full":["https:\/\/trf.gov.tr\/wp-content\/uploads\/2025\/06\/IMG_3894-scaled.jpg",2560,1707,false]},"categories_names":{"7":{"name":"Duyurular","link":"https:\/\/trf.gov.tr\/?cat=7"},"1":{"name":"Genel","link":"https:\/\/trf.gov.tr\/?cat=1"},"6":{"name":"Man\u015fet Haber","link":"https:\/\/trf.gov.tr\/?cat=6"},"4":{"name":"Ragbi","link":"https:\/\/trf.gov.tr\/?cat=4"}},"tags_names":{"11":{"name":"Ragbi","link":"https:\/\/trf.gov.tr\/?tag=ragbi"}},"comments_number":"0","_links":{"self":[{"href":"https:\/\/trf.gov.tr\/index.php?rest_route=\/wp\/v2\/posts\/8019","targetHints":{"allow":["GET"]}}],"collection":[{"href":"https:\/\/trf.gov.tr\/index.php?rest_route=\/wp\/v2\/posts"}],"about":[{"href":"https:\/\/trf.gov.tr\/index.php?rest_route=\/wp\/v2\/types\/post"}],"author":[{"embeddable":true,"href":"https:\/\/trf.gov.tr\/index.php?rest_route=\/wp\/v2\/users\/1"}],"replies":[{"embeddable":true,"href":"https:\/\/trf.gov.tr\/index.php?rest_route=%2Fwp%2Fv2%2Fcomments&post=8019"}],"version-history":[{"count":1,"href":"https:\/\/trf.gov.tr\/index.php?rest_route=\/wp\/v2\/posts\/8019\/revisions"}],"predecessor-version":[{"id":8021,"href":"https:\/\/trf.gov.tr\/index.php?rest_route=\/wp\/v2\/posts\/8019\/revisions\/8021"}],"wp:featuredmedia":[{"embeddable":true,"href":"https:\/\/trf.gov.tr\/index.php?rest_route=\/wp\/v2\/media\/8020"}],"wp:attachment":[{"href":"https:\/\/trf.gov.tr\/index.php?rest_route=%2Fwp%2Fv2%2Fmedia&parent=8019"}],"wp:term":[{"taxonomy":"category","embeddable":true,"href":"https:\/\/trf.gov.tr\/index.php?rest_route=%2Fwp%2Fv2%2Fcategories&post=8019"},{"taxonomy":"post_tag","embeddable":true,"href":"https:\/\/trf.gov.tr\/index.php?rest_route=%2Fwp%2Fv2%2Ftags&post=8019"}],"curies":[{"name":"wp","href":"https:\/\/api.w.org\/{rel}","templated":true}]}}