{"id":8334,"date":"2025-09-01T10:59:23","date_gmt":"2025-09-01T07:59:23","guid":{"rendered":"https:\/\/trf.gov.tr\/?p=8334"},"modified":"2025-10-06T11:46:30","modified_gmt":"2025-10-06T08:46:30","slug":"u21-7li-ragbi-turkiye-sampiyonasi","status":"publish","type":"post","link":"https:\/\/trf.gov.tr\/?p=8334","title":{"rendered":"U21 7&#8217;li Ragbi T\u00fcrkiye \u015eampiyonas\u0131"},"content":{"rendered":"\n<figure class=\"wp-block-image size-large\"><img fetchpriority=\"high\" decoding=\"async\" width=\"1024\" height=\"577\" src=\"https:\/\/trf.gov.tr\/wp-content\/uploads\/2025\/09\/IMG_0762-1-1024x577.jpg\" alt=\"\" class=\"wp-image-8335\" srcset=\"https:\/\/trf.gov.tr\/wp-content\/uploads\/2025\/09\/IMG_0762-1-1024x577.jpg 1024w, https:\/\/trf.gov.tr\/wp-content\/uploads\/2025\/09\/IMG_0762-1-300x169.jpg 300w, https:\/\/trf.gov.tr\/wp-content\/uploads\/2025\/09\/IMG_0762-1-768x432.jpg 768w, https:\/\/trf.gov.tr\/wp-content\/uploads\/2025\/09\/IMG_0762-1-1536x865.jpg 1536w, https:\/\/trf.gov.tr\/wp-content\/uploads\/2025\/09\/IMG_0762-1-2048x1153.jpg 2048w\" sizes=\"(max-width: 1024px) 100vw, 1024px\" \/><\/figure>\n\n\n\n<p>U21 7\u2019li Ragbi T\u00fcrkiye \u015eampiyonas\u0131 Tamamland\u0131!<\/p>\n\n\n\n<p>30-31 A\u011fustos tarihlerinde T\u00fcrkiye Ragbi Federasyonu Esenbo\u011fa Tesisleri&#8217;nde ger\u00e7ekle\u015ftirilen U21 7\u2019li Ragbi T\u00fcrkiye \u015eampiyonas\u0131, iki g\u00fcn boyunca gen\u00e7 sporcular\u0131m\u0131z\u0131n m\u00fccadele dolu performanslar\u0131na sahne oldu. Hem kad\u0131nlarda hem de erkeklerde b\u00fcy\u00fck bir heyecan ya\u015fan\u0131rken, ragbi sporunun \u00fclkemizdeki geli\u015fimine katk\u0131 sa\u011flayan de\u011ferli kul\u00fcplerimiz \u00f6nemli ba\u015far\u0131lar elde etti.<\/p>\n\n\n\n<p>Kad\u0131nlar Kategorisi Dereceleri<br>1. K\u00f6rfez Gen\u00e7ler Birli\u011fi Spor Kul\u00fcb\u00fc<br>2. Pursaklar Belediye Spor Kul\u00fcb\u00fc<br>3. Kastamonu Asya Spor Kul\u00fcb\u00fc<\/p>\n\n\n\n<p> Erkekler Kategorisi Dereceleri<br>1. Arakl\u0131 Belediye Spor Kul\u00fcb\u00fc<br>2. \u0130znik Belediye Spor Kul\u00fcb\u00fc<br>3. K\u00f6rfez Gen\u00e7ler Birli\u011fi Spor Kul\u00fcb\u00fc<\/p>\n\n\n\n<p>\u015eampiyonada dereceye giren t\u00fcm tak\u0131mlar\u0131m\u0131z\u0131 g\u00f6n\u00fclden tebrik ediyor, sporcular\u0131m\u0131z\u0131 yeti\u015ftiren kul\u00fcplerimize ve antren\u00f6rlerimize te\u015fekk\u00fcr ediyoruz.<\/p>\n\n\n\n<p>Federasyon Ba\u015fkan\u0131m\u0131z Nahit \u015eahin, birincilik elde eden kul\u00fcplerimize \u00f6d\u00fcllerini takdim ederek sporcular\u0131m\u0131z\u0131n heyecan\u0131na ortak oldu.<\/p>\n\n\n\n<p>Bu anlaml\u0131 organizasyona kat\u0131l\u0131m sa\u011flayan t\u00fcm kul\u00fcplerimize, eme\u011fi ge\u00e7en hakemlerimize, antren\u00f6rlerimize ve gen\u00e7 sporcular\u0131m\u0131za te\u015fekk\u00fcr ediyor; T\u00fcrk ragbisinin gelece\u011fine \u0131\u015f\u0131k tutan bu g\u00fczel ba\u015far\u0131lar\u0131n devam\u0131n\u0131 diliyoruz.<\/p>\n\n\n\n<p><\/p>\n","protected":false},"excerpt":{"rendered":"<p>U21 7\u2019li Ragbi T\u00fcrkiye \u015eampiyonas\u0131 Tamamland\u0131! 30-31 A\u011fustos tarihlerinde T\u00fcrkiye Ragbi Federasyonu Esenbo\u011fa Tesisleri&#8217;nde ger\u00e7ekle\u015ftirilen U21 7\u2019li Ragbi T\u00fcrkiye \u015eampiyonas\u0131,<\/p>\n","protected":false},"author":1,"featured_media":0,"comment_status":"closed","ping_status":"open","sticky":false,"template":"","format":"standard","meta":{"footnotes":""},"categories":[7,1,4],"tags":[],"class_list":["post-8334","post","type-post","status-publish","format-standard","hentry","category-duyurular","category-genel","category-ragbi"],"featured_image_urls":{"full":"","thumbnail":"","medium":"","medium_large":"","large":"","1536x1536":"","2048x2048":"","cvmm-medium":"","cvmm-medium-plus":"","cvmm-portrait":"","cvmm-medium-square":"","cvmm-large":"","cvmm-small":"","morenews-featured":"","morenews-large":"","morenews-medium":""},"author_info":{"display_name":"trfgovtr","author_link":"https:\/\/trf.gov.tr\/?author=1"},"category_info":"<a href=\"https:\/\/trf.gov.tr\/?cat=7\" rel=\"category\">Duyurular<\/a> <a href=\"https:\/\/trf.gov.tr\/?cat=1\" rel=\"category\">Genel<\/a> <a href=\"https:\/\/trf.gov.tr\/?cat=4\" rel=\"category\">Ragbi<\/a>","tag_info":"Ragbi","comment_count":"0","wpmagazine_modules_lite_featured_media_urls":{"thumbnail":"","cvmm-medium":"","cvmm-medium-plus":"","cvmm-portrait":"","cvmm-medium-square":"","cvmm-large":"","cvmm-small":"","full":""},"categories_names":{"7":{"name":"Duyurular","link":"https:\/\/trf.gov.tr\/?cat=7"},"1":{"name":"Genel","link":"https:\/\/trf.gov.tr\/?cat=1"},"4":{"name":"Ragbi","link":"https:\/\/trf.gov.tr\/?cat=4"}},"tags_names":[],"comments_number":"0","_links":{"self":[{"href":"https:\/\/trf.gov.tr\/index.php?rest_route=\/wp\/v2\/posts\/8334","targetHints":{"allow":["GET"]}}],"collection":[{"href":"https:\/\/trf.gov.tr\/index.php?rest_route=\/wp\/v2\/posts"}],"about":[{"href":"https:\/\/trf.gov.tr\/index.php?rest_route=\/wp\/v2\/types\/post"}],"author":[{"embeddable":true,"href":"https:\/\/trf.gov.tr\/index.php?rest_route=\/wp\/v2\/users\/1"}],"replies":[{"embeddable":true,"href":"https:\/\/trf.gov.tr\/index.php?rest_route=%2Fwp%2Fv2%2Fcomments&post=8334"}],"version-history":[{"count":2,"href":"https:\/\/trf.gov.tr\/index.php?rest_route=\/wp\/v2\/posts\/8334\/revisions"}],"predecessor-version":[{"id":8667,"href":"https:\/\/trf.gov.tr\/index.php?rest_route=\/wp\/v2\/posts\/8334\/revisions\/8667"}],"wp:attachment":[{"href":"https:\/\/trf.gov.tr\/index.php?rest_route=%2Fwp%2Fv2%2Fmedia&parent=8334"}],"wp:term":[{"taxonomy":"category","embeddable":true,"href":"https:\/\/trf.gov.tr\/index.php?rest_route=%2Fwp%2Fv2%2Fcategories&post=8334"},{"taxonomy":"post_tag","embeddable":true,"href":"https:\/\/trf.gov.tr\/index.php?rest_route=%2Fwp%2Fv2%2Ftags&post=8334"}],"curies":[{"name":"wp","href":"https:\/\/api.w.org\/{rel}","templated":true}]}}